{"id":546,"date":"2015-12-15T11:36:39","date_gmt":"2015-12-15T11:36:39","guid":{"rendered":"http:\/\/subarufanclub.ro\/blog\/?p=546"},"modified":"2017-04-12T13:33:39","modified_gmt":"2017-04-12T13:33:39","slug":"intalnirea-aniversara-de-6-ani","status":"publish","type":"post","link":"https:\/\/www.subarufanclub.ro\/site\/intalnirea-aniversara-de-6-ani\/","title":{"rendered":"\u00cent\u00e2lnirea aniversar\u0103 de 6 ani"},"content":{"rendered":"<p>\u00cenc\u0103 un an al\u0103turi de noi. Te a\u0219tept\u0103m \u00een acela\u0219i cadru plin de voie bun\u0103, activit\u0103\u021bi interesante si premierea anual\u0103 \u00een perioada 5-7 februarie 2016 la P\u0103ltini\u0219.<\/p>\n<p>&nbsp;<\/p>\n<p>Mai multe detalii pe forum, \u00een sec\u021biunea \u00cent\u00e2lniri \u0219i evenimente na\u021bionale.<\/p>\n<p>&nbsp;<\/p>\n<p style=\"text-align: center;\"><a href=\"https:\/\/powercube.ro\/site\/wp-content\/uploads\/2015\/12\/intlanire-6-ani.jpg\"><img decoding=\"async\" loading=\"lazy\" class=\"aligncenter wp-image-547\" src=\"https:\/\/powercube.ro\/site\/wp-content\/uploads\/2015\/12\/intlanire-6-ani.jpg\" alt=\"intlanire 6 ani\" width=\"676\" height=\"737\" srcset=\"https:\/\/www.subarufanclub.ro\/site\/wp-content\/uploads\/2015\/12\/intlanire-6-ani.jpg 1877w, https:\/\/www.subarufanclub.ro\/site\/wp-content\/uploads\/2015\/12\/intlanire-6-ani-275x300.jpg 275w, https:\/\/www.subarufanclub.ro\/site\/wp-content\/uploads\/2015\/12\/intlanire-6-ani-768x838.jpg 768w, https:\/\/www.subarufanclub.ro\/site\/wp-content\/uploads\/2015\/12\/intlanire-6-ani-939x1024.jpg 939w, https:\/\/www.subarufanclub.ro\/site\/wp-content\/uploads\/2015\/12\/intlanire-6-ani-1080x1178.jpg 1080w\" sizes=\"(max-width: 676px) 100vw, 676px\" \/><\/a><\/p>\n","protected":false},"excerpt":{"rendered":"<p>\u00cenc\u0103 un an al\u0103turi de noi. Te a\u0219tept\u0103m \u00een acela\u0219i cadru plin de voie bun\u0103, activit\u0103\u021bi interesante si premierea anual\u0103 \u00een perioada 5-7 februarie 2016 la P\u0103ltini\u0219. &nbsp; Mai multe detalii pe forum, \u00een sec\u021biunea \u00cent\u00e2lniri \u0219i evenimente na\u021bionale. &nbsp;<\/p>\n","protected":false},"author":2,"featured_media":547,"comment_status":"open","ping_status":"open","sticky":false,"template":"","format":"gallery","meta":{"_et_pb_use_builder":"","_et_pb_old_content":"","_et_gb_content_width":""},"categories":[3,4],"tags":[],"_links":{"self":[{"href":"https:\/\/www.subarufanclub.ro\/site\/wp-json\/wp\/v2\/posts\/546"}],"collection":[{"href":"https:\/\/www.subarufanclub.ro\/site\/wp-json\/wp\/v2\/posts"}],"about":[{"href":"https:\/\/www.subarufanclub.ro\/site\/wp-json\/wp\/v2\/types\/post"}],"author":[{"embeddable":true,"href":"https:\/\/www.subarufanclub.ro\/site\/wp-json\/wp\/v2\/users\/2"}],"replies":[{"embeddable":true,"href":"https:\/\/www.subarufanclub.ro\/site\/wp-json\/wp\/v2\/comments?post=546"}],"version-history":[{"count":0,"href":"https:\/\/www.subarufanclub.ro\/site\/wp-json\/wp\/v2\/posts\/546\/revisions"}],"wp:featuredmedia":[{"embeddable":true,"href":"https:\/\/www.subarufanclub.ro\/site\/wp-json\/wp\/v2\/media\/547"}],"wp:attachment":[{"href":"https:\/\/www.subarufanclub.ro\/site\/wp-json\/wp\/v2\/media?parent=546"}],"wp:term":[{"taxonomy":"category","embeddable":true,"href":"https:\/\/www.subarufanclub.ro\/site\/wp-json\/wp\/v2\/categories?post=546"},{"taxonomy":"post_tag","embeddable":true,"href":"https:\/\/www.subarufanclub.ro\/site\/wp-json\/wp\/v2\/tags?post=546"}],"curies":[{"name":"wp","href":"https:\/\/api.w.org\/{rel}","templated":true}]}}